{"id":87,"date":"2011-08-23T15:18:59","date_gmt":"2011-08-23T13:18:59","guid":{"rendered":"https:\/\/www.funebru.be\/wpfune\/2011\/08\/23\/inhumation-incineration-que-choisir\/"},"modified":"2019-05-14T17:23:20","modified_gmt":"2019-05-14T15:23:20","slug":"inhumation-incineration-que-choisir","status":"publish","type":"post","link":"https:\/\/www.funebru.be\/wpfune\/inhumation-incineration-que-choisir\/","title":{"rendered":"Inhumation &#8211; Incin\u00e9ration : que choisir ?"},"content":{"rendered":"&nbsp; C&rsquo;est au moment du d\u00e9c\u00e8s que les <a href=\"https:\/\/www.funebru.be\/wpfune\/inhumation-incineration-que-choisir\/\" class=\"more-link\">(suite\u2026)<\/a>","protected":false},"excerpt":{"rendered":"<p>&nbsp; C&rsquo;est au moment du d\u00e9c\u00e8s que les (suite\u2026)<\/p>\n","protected":false},"author":1,"featured_media":0,"comment_status":"closed","ping_status":"closed","sticky":false,"template":"","format":"standard","meta":{"footnotes":""},"categories":[44],"tags":[],"class_list":["post-87","post","type-post","status-publish","format-standard","hentry","category-au-moment-du-deces"],"_links":{"self":[{"href":"https:\/\/www.funebru.be\/wpfune\/wp-json\/wp\/v2\/posts\/87","targetHints":{"allow":["GET"]}}],"collection":[{"href":"https:\/\/www.funebru.be\/wpfune\/wp-json\/wp\/v2\/posts"}],"about":[{"href":"https:\/\/www.funebru.be\/wpfune\/wp-json\/wp\/v2\/types\/post"}],"author":[{"embeddable":true,"href":"https:\/\/www.funebru.be\/wpfune\/wp-json\/wp\/v2\/users\/1"}],"replies":[{"embeddable":true,"href":"https:\/\/www.funebru.be\/wpfune\/wp-json\/wp\/v2\/comments?post=87"}],"version-history":[{"count":4,"href":"https:\/\/www.funebru.be\/wpfune\/wp-json\/wp\/v2\/posts\/87\/revisions"}],"predecessor-version":[{"id":646,"href":"https:\/\/www.funebru.be\/wpfune\/wp-json\/wp\/v2\/posts\/87\/revisions\/646"}],"wp:attachment":[{"href":"https:\/\/www.funebru.be\/wpfune\/wp-json\/wp\/v2\/media?parent=87"}],"wp:term":[{"taxonomy":"category","embeddable":true,"href":"https:\/\/www.funebru.be\/wpfune\/wp-json\/wp\/v2\/categories?post=87"},{"taxonomy":"post_tag","embeddable":true,"href":"https:\/\/www.funebru.be\/wpfune\/wp-json\/wp\/v2\/tags?post=87"}],"curies":[{"name":"wp","href":"https:\/\/api.w.org\/{rel}","templated":true}]}}