{"id":117,"date":"2011-09-11T06:29:31","date_gmt":"2011-09-11T04:29:31","guid":{"rendered":"https:\/\/www.funebru.be\/wpfune\/2011\/09\/11\/mon-pere-voulait-etre-incinere-ma-famille-veut-lenterrer-que-puis-je-faire\/"},"modified":"2018-09-25T08:12:09","modified_gmt":"2018-09-25T06:12:09","slug":"mon-pere-voulait-etre-incinere-ma-famille-veut-lenterrer-que-puis-je-faire","status":"publish","type":"post","link":"https:\/\/www.funebru.be\/wpfune\/mon-pere-voulait-etre-incinere-ma-famille-veut-lenterrer-que-puis-je-faire\/","title":{"rendered":"Mon p\u00e8re voulait \u00eatre incin\u00e9r\u00e9, ma famille veut l&rsquo;enterrer, que puis-je faire ?"},"content":{"rendered":"Mon p\u00e8re voulait \u00eatre incin\u00e9r\u00e9, ma famille veut <a href=\"https:\/\/www.funebru.be\/wpfune\/mon-pere-voulait-etre-incinere-ma-famille-veut-lenterrer-que-puis-je-faire\/\" class=\"more-link\">(suite\u2026)<\/a>","protected":false},"excerpt":{"rendered":"<p>Mon p\u00e8re voulait \u00eatre incin\u00e9r\u00e9, ma famille veut (suite\u2026)<\/p>\n","protected":false},"author":1,"featured_media":0,"comment_status":"closed","ping_status":"closed","sticky":false,"template":"","format":"standard","meta":{"footnotes":""},"categories":[46],"tags":[],"class_list":["post-117","post","type-post","status-publish","format-standard","hentry","category-famille"],"_links":{"self":[{"href":"https:\/\/www.funebru.be\/wpfune\/wp-json\/wp\/v2\/posts\/117","targetHints":{"allow":["GET"]}}],"collection":[{"href":"https:\/\/www.funebru.be\/wpfune\/wp-json\/wp\/v2\/posts"}],"about":[{"href":"https:\/\/www.funebru.be\/wpfune\/wp-json\/wp\/v2\/types\/post"}],"author":[{"embeddable":true,"href":"https:\/\/www.funebru.be\/wpfune\/wp-json\/wp\/v2\/users\/1"}],"replies":[{"embeddable":true,"href":"https:\/\/www.funebru.be\/wpfune\/wp-json\/wp\/v2\/comments?post=117"}],"version-history":[{"count":2,"href":"https:\/\/www.funebru.be\/wpfune\/wp-json\/wp\/v2\/posts\/117\/revisions"}],"predecessor-version":[{"id":426,"href":"https:\/\/www.funebru.be\/wpfune\/wp-json\/wp\/v2\/posts\/117\/revisions\/426"}],"wp:attachment":[{"href":"https:\/\/www.funebru.be\/wpfune\/wp-json\/wp\/v2\/media?parent=117"}],"wp:term":[{"taxonomy":"category","embeddable":true,"href":"https:\/\/www.funebru.be\/wpfune\/wp-json\/wp\/v2\/categories?post=117"},{"taxonomy":"post_tag","embeddable":true,"href":"https:\/\/www.funebru.be\/wpfune\/wp-json\/wp\/v2\/tags?post=117"}],"curies":[{"name":"wp","href":"https:\/\/api.w.org\/{rel}","templated":true}]}}